{"id":1596,"date":"2022-02-24T12:38:23","date_gmt":"2022-02-24T12:38:23","guid":{"rendered":"https:\/\/fzentrum.pl\/das-erbe-des-deutschen-protestantismus-in-polen-nach-1945-politik-eigentum-erinnerung-und-identitaet\/"},"modified":"2022-02-24T12:43:12","modified_gmt":"2022-02-24T12:43:12","slug":"das-erbe-des-deutschen-protestantismus-in-polen-nach-1945-politik-eigentum-erinnerung-und-identitaet","status":"publish","type":"post","link":"https:\/\/fzentrum.pl\/de\/das-erbe-des-deutschen-protestantismus-in-polen-nach-1945-politik-eigentum-erinnerung-und-identitaet\/","title":{"rendered":"Das Erbe des deutschen Protestantismus in Polen nach 1945. Politik \u2013 Eigentum \u2013 Erinnerung und Identit\u00e4t"},"content":{"rendered":"\n<p><\/p>\n\n<div class=\"wp-block-columns is-layout-flex wp-container-core-columns-is-layout-1 wp-block-columns-is-layout-flex\">\n<div class=\"wp-block-column is-layout-flow wp-block-column-is-layout-flow\">\n<p class=\"has-text-align-left\"><strong>Beauftragte Einrichtung:<\/strong> Institut f\u00fcr Politikwissenschaften und Verwaltung der Universit\u00e4t Gr\u00fcnberg&#13;\n&#13;\n <\/p>\n\n\n\n<p><strong>Geplanter Umsetzungungszeitraum:<\/strong> 2022-2023<\/p>\n\n\n\n<p><strong>Forschungsleiter:<\/strong> Prof. Dr. habil. Olgierd Kiec<\/p>\n\n\n\n<p><strong>Forscherteam:<\/strong><\/p>\n\n\n\n<p>Prof. Dr. habil. Olgierd Kiec<\/p>\n\n\n\n<p>Mag. Micha\u0142 P. Wi\u015bniewski<\/p>\n\n\n\n<p>Dr. habil. Katarzyna Krzysztofek-Strza\u0142a<\/p>\n\n\n\n<p>Dr. Wojciech S\u0142awi\u0144ski<\/p>\n\n\n\n<p>Mag. Mateusz Sz\u0142apka<\/p>\n<\/div>\n\n\n\n<div class=\"wp-block-column is-layout-flow wp-block-column-is-layout-flow\">\n<p><strong>Zum Projekt: <\/strong><\/p>\n\n\n\n<p>Angesichts des vielaspektigen Charakters der mit dem Erbe des deutschen Protestantismus in Polen nach 1945 verbundenen Thematik werden die Projektziele von einem interdisziplin\u00e4ren Forschungsteam durchgef\u00fchrt. Angewendet werden hierbei Forschungsinstrumente aus solchen Fachbereichen, wie Politikwissenschaft, Geschichte, Rechtswissenschaft, Kunstgeschichte, Religionswissenschaft, Kulturanthropologie und Soziologie. Zum leitenden Themenbereich geh\u00f6rt dennoch vor allem die Erinnerungspolitik (darunter die historische und identit\u00e4tsbezogene Politik) sowohl in der landes- als auch regionalbezogenen Hinsicht.  Dar\u00fcber hinaus fokussiert sich die Arbeit des Forschungsteams auf Dokumentation und thematische Studien zu den ausgew\u00e4hlten St\u00e4dten und Regionen. Angesichts der territorialbezogenen Forschungen wurden im Rahmen der ersten Etappe Projektarbeiten durchgef\u00fchrt, die sich auf Gro\u00dfpolen (Wielkopolska), Pommerellen (Pomorze Nadwi\u015bla\u0144skie) und Lebuser Land (Ziemia Lubuska) beziehen. Weitere Forschungsarbeiten richten sich auf die ausgew\u00e4hlte Problematik, die mit den sog. Wiedergewonnenen Gebieten (Ziemie Odzyskane) verbunden ist. <\/p>\n<\/div>\n<\/div>\n\n<p><strong>Im Rahmen des Projekts werden folgende Forschungsthemen bearbeitet:<\/strong><\/p>\n\n<p>\u2013 Bedeutung des deutschen Protestantismus in der Konfessions- und Nationalit\u00e4tenpolitik des polnischen Staates nach 1945,&#13;\n<\/p>\n\n<p>\u2013 evangelische Kirchen in Polen gegen\u00fcber Deutschland, Deutschen und dem deutschen Protestantismus,&#13;\n<\/p>\n\n<p>\u2013 juristische Aspekte bez\u00fcglich des ehemaligen evangelischen und deutschen Eigentums,<\/p>\n\n<p>\u2013 Funktionieren der deutschen Kirchengemeinden (offiziell der \u201enichtpolnischen Kirchengemeinden\u201c) im Spiegel des Archivmaterials des Sicherheitsdienstes (Akten der Geistlichen),&#13;\n<\/p>\n\n<p>\u2013 nichtmaterielles Erbe des deutschen Protestantismus in der Erinnerungspolitik (bzw. Identit\u00e4tspolitik) der St\u00e4dte und Regionen in Polen,&#13;\n<\/p>\n\n<p>\u2013 sakrale Objekte, Friedh\u00f6fe, Archive und Bibliotheken vor dem Hintergrund der lokalen Erinnerungspolitik.<\/p>\n\n<p><\/p>\n\n<p><strong>Bisherige Forschungen:<\/strong><\/p>\n\n<figure class=\"wp-block-embed is-type-wp-embed is-provider-fzentrum wp-block-embed-fzentrum\"><div class=\"wp-block-embed__wrapper\">\r\n<blockquote class=\"wp-embedded-content\" data-secret=\"lBklJxweBh\"><a href=\"https:\/\/fzentrum.pl\/de\/das-erbe-des-deutschen-protestantismus-in-polen-nach-1945-politik-eigentum-gedenken-und-identitaet\/\">Das Erbe des deutschen Protestantismus in Polen nach 1945. Politik \u2013 Eigentum \u2013 Gedenken und Identit\u00e4t<\/a><\/blockquote><iframe class=\"wp-embedded-content\" sandbox=\"allow-scripts\" security=\"restricted\" style=\"position: absolute; visibility: hidden;\" title=\"&#8222;Das Erbe des deutschen Protestantismus in Polen nach 1945. Politik \u2013 Eigentum \u2013 Gedenken und Identit\u00e4t&#8220; &#8212; Fzentrum\" src=\"https:\/\/fzentrum.pl\/de\/das-erbe-des-deutschen-protestantismus-in-polen-nach-1945-politik-eigentum-gedenken-und-identitaet\/embed\/#?secret=4m4hSgtr1t#?secret=lBklJxweBh\" data-secret=\"lBklJxweBh\" width=\"500\" height=\"282\" frameborder=\"0\" marginwidth=\"0\" marginheight=\"0\" scrolling=\"no\"><\/iframe>\n\n<p><\/p>\n","protected":false},"excerpt":{"rendered":"<p>Beauftragte Einrichtung: Institut f\u00fcr Politikwissenschaften und Verwaltung der Universit\u00e4t Gr\u00fcnberg&#13; &#13; Geplanter Umsetzungungszeitraum: 2022-2023 Forschungsleiter: Prof. Dr. habil. Olgierd Kiec Forscherteam: Prof. Dr. habil. Olgierd Kiec Mag. Micha\u0142 P. Wi\u015bniewski Dr. habil. Katarzyna Krzysztofek-Strza\u0142a Dr. Wojciech S\u0142awi\u0144ski Mag. Mateusz Sz\u0142apka Zum Projekt: Angesichts des vielaspektigen Charakters der mit dem Erbe des deutschen Protestantismus in Polen [&hellip;]<\/p>\n","protected":false},"author":2,"featured_media":991,"comment_status":"closed","ping_status":"closed","sticky":false,"template":"","format":"standard","meta":{"site-sidebar-layout":"default","site-content-layout":"","ast-site-content-layout":"","site-content-style":"default","site-sidebar-style":"default","ast-global-header-display":"","ast-banner-title-visibility":"","ast-main-header-display":"","ast-hfb-above-header-display":"","ast-hfb-below-header-display":"","ast-hfb-mobile-header-display":"","site-post-title":"","ast-breadcrumbs-content":"","ast-featured-img":"","footer-sml-layout":"","theme-transparent-header-meta":"","adv-header-id-meta":"","stick-header-meta":"","header-above-stick-meta":"","header-main-stick-meta":"","header-below-stick-meta":"","astra-migrate-meta-layouts":"default","ast-page-background-enabled":"default","ast-page-background-meta":{"desktop":{"background-color":"","background-image":"","background-repeat":"repeat","background-position":"center center","background-size":"auto","background-attachment":"scroll","background-type":"","background-media":"","overlay-type":"","overlay-color":"","overlay-opacity":"","overlay-gradient":""},"tablet":{"background-color":"","background-image":"","background-repeat":"repeat","background-position":"center center","background-size":"auto","background-attachment":"scroll","background-type":"","background-media":"","overlay-type":"","overlay-color":"","overlay-opacity":"","overlay-gradient":""},"mobile":{"background-color":"","background-image":"","background-repeat":"repeat","background-position":"center center","background-size":"auto","background-attachment":"scroll","background-type":"","background-media":"","overlay-type":"","overlay-color":"","overlay-opacity":"","overlay-gradient":""}},"ast-content-background-meta":{"desktop":{"background-color":"var(--ast-global-color-5)","background-image":"","background-repeat":"repeat","background-position":"center center","background-size":"auto","background-attachment":"scroll","background-type":"","background-media":"","overlay-type":"","overlay-color":"","overlay-opacity":"","overlay-gradient":""},"tablet":{"background-color":"var(--ast-global-color-5)","background-image":"","background-repeat":"repeat","background-position":"center center","background-size":"auto","background-attachment":"scroll","background-type":"","background-media":"","overlay-type":"","overlay-color":"","overlay-opacity":"","overlay-gradient":""},"mobile":{"background-color":"var(--ast-global-color-5)","background-image":"","background-repeat":"repeat","background-position":"center center","background-size":"auto","background-attachment":"scroll","background-type":"","background-media":"","overlay-type":"","overlay-color":"","overlay-opacity":"","overlay-gradient":""}},"footnotes":""},"categories":[15],"tags":[],"class_list":["post-1596","post","type-post","status-publish","format-standard","has-post-thumbnail","hentry","category-forschungen"],"_links":{"self":[{"href":"https:\/\/fzentrum.pl\/de\/wp-json\/wp\/v2\/posts\/1596","targetHints":{"allow":["GET"]}}],"collection":[{"href":"https:\/\/fzentrum.pl\/de\/wp-json\/wp\/v2\/posts"}],"about":[{"href":"https:\/\/fzentrum.pl\/de\/wp-json\/wp\/v2\/types\/post"}],"author":[{"embeddable":true,"href":"https:\/\/fzentrum.pl\/de\/wp-json\/wp\/v2\/users\/2"}],"replies":[{"embeddable":true,"href":"https:\/\/fzentrum.pl\/de\/wp-json\/wp\/v2\/comments?post=1596"}],"version-history":[{"count":2,"href":"https:\/\/fzentrum.pl\/de\/wp-json\/wp\/v2\/posts\/1596\/revisions"}],"predecessor-version":[{"id":1599,"href":"https:\/\/fzentrum.pl\/de\/wp-json\/wp\/v2\/posts\/1596\/revisions\/1599"}],"wp:featuredmedia":[{"embeddable":true,"href":"https:\/\/fzentrum.pl\/de\/wp-json\/wp\/v2\/media\/991"}],"wp:attachment":[{"href":"https:\/\/fzentrum.pl\/de\/wp-json\/wp\/v2\/media?parent=1596"}],"wp:term":[{"taxonomy":"category","embeddable":true,"href":"https:\/\/fzentrum.pl\/de\/wp-json\/wp\/v2\/categories?post=1596"},{"taxonomy":"post_tag","embeddable":true,"href":"https:\/\/fzentrum.pl\/de\/wp-json\/wp\/v2\/tags?post=1596"}],"curies":[{"name":"wp","href":"https:\/\/api.w.org\/{rel}","templated":true}]}}