{"id":2740,"date":"2024-11-27T10:03:03","date_gmt":"2024-11-27T10:03:03","guid":{"rendered":"https:\/\/fzentrum.pl\/welttag-des-buches-und-des-urheberrechts\/"},"modified":"2024-11-27T10:03:03","modified_gmt":"2024-11-27T10:03:03","slug":"welttag-des-buches-und-des-urheberrechts","status":"publish","type":"post","link":"https:\/\/fzentrum.pl\/de\/welttag-des-buches-und-des-urheberrechts\/","title":{"rendered":"Welttag des Buches und des Urheberrechts"},"content":{"rendered":"\n<figure class=\"wp-block-image size-full\"><img fetchpriority=\"high\" decoding=\"async\" width=\"940\" height=\"788\" src=\"\/\/i0.wp.com\/fzentrum.pl\/wp-content\/uploads\/2024\/11\/Swiatowy-Dzien-Ksiazki-i-Praw-Autorskich.png\" alt=\"\" class=\"wp-image-2359\" srcset=\"https:\/\/fzentrum.pl\/wp-content\/uploads\/2024\/11\/Swiatowy-Dzien-Ksiazki-i-Praw-Autorskich.png 940w, https:\/\/fzentrum.pl\/wp-content\/uploads\/2024\/11\/Swiatowy-Dzien-Ksiazki-i-Praw-Autorskich-300x251.png 300w, https:\/\/fzentrum.pl\/wp-content\/uploads\/2024\/11\/Swiatowy-Dzien-Ksiazki-i-Praw-Autorskich-768x644.png 768w\" sizes=\"(max-width: 940px) 100vw, 940px\" \/><\/figure>\n\n<p>Anl\u00e4sslich des heutigen Welttags des Buches und des Urheberrechts m\u00f6chten wir Sie auf unsere zahlreichen Ver\u00f6ffentlichungen hinweisen und Sie ermutigen, zu ihnen zu greifen. Wir m\u00f6chten Sie an das morgige Treffen mit den Autoren der Studie \u201eRola mniejszo\u015bci niemieckiej w procesie tranzycji i transformacji spo\u0142eczno-ustrojowej w Polsce\u201c erinnern (Mittwoch, 24. April, 17:00, Dokumentations- und Ausstellungszentrum der Deutschen in Polen, Opole, ul. Szpitalna 11). Wir m\u00f6chten Sie auch zu zwei Treffen mit Dr. Monika Czok einladen (&#8222;\u015al\u0105sk Opolski i jego to\u017csamo\u015b\u0107. Diskurse &#8211; gesellschaftspolitische Aspekte &#8211; regionale Arbeit&#8220;) ein. Sie sind f\u00fcr den 15. Mai, 17:00 Uhr in Opole und den 17. Mai, 18:00 Uhr in Le\u015bnica geplant. Weitere Informationen werden in K\u00fcrze verf\u00fcgbar sein.<\/p>\n\n<p>Unsere Angebote umfassen \/ Unser Angebot umfasst unter anderem:<\/p>\n\n<p>1. Dawid, Adriana: Fremd im eigenen Land. Prodeutsche Einstellungen von Bewohnern der Wojewodschaft Oppeln und die Reaktionen der Machtorgane (1950-1956).<\/p>\n\n<p>2. Mniejszo\u015bciowe impresje. Trzydziestolecie polsko-niemieckiego traktatu o dobrym s\u0105siedztwie, Gemeinschaftsarbeit \/ praca zbiorowa.<\/p>\n\n<p>3. Deutsche Minderheit in der Zweiten Republik Polen, Gemeinschaftsarbeit \/ praca zbiorowa.<\/p>\n\n<p>4. Granica polsko-niemiecka na Pomorzu (1920\u20131939), Gemeinschaftsarbeit \/ praca zbiorowa.<\/p>\n\n<p>5. Minderheiten-Impressionen zum 30. Jahrestag des deutsch-polnischen Vertrags \u00fcber gute Nachbarschaft, Gemeinschaftsarbeit \/ praca zbiorowa.<\/p>\n\n<p>6. Dziedzictwo niemieckiego protestantyzmu w Polsce po 1945 roku. Polityka \u2013 w\u0142asno\u015b\u0107 \u2013 pami\u0119\u0107 i to\u017csamo\u015b\u0107, Gemeinschaftsarbeit \/ praca zbiorowa.<\/p>\n\n<p>7. Rosenbaum, Sebastian: To przecie\u017c nasz kraj rodzinny. Wyst\u0105pienia pos\u0142\u00f3w niemieckich na forum I Sejmu \u015al\u0105skiego 1922-1929. Wyb\u00f3r.<\/p>\n\n<p>8. Rosenbaum, Sebastian: Walczymy o nasze prawa, a nie o mandaty. Wyst\u0105pienia pos\u0142\u00f3w niemieckich na forum II i III Sejmu \u015al\u0105skiego 1930-1935. Wyb\u00f3r.<\/p>\n","protected":false},"excerpt":{"rendered":"<p>Anl\u00e4sslich des heutigen Welttags des Buches und des Urheberrechts m\u00f6chten wir Sie an unsere zahlreichen Ver\u00f6ffentlichungen erinnern und Sie ermutigen, auf diese zuzugreifen.<\/p>\n","protected":false},"author":2,"featured_media":2360,"comment_status":"closed","ping_status":"closed","sticky":false,"template":"","format":"standard","meta":{"site-sidebar-layout":"default","site-content-layout":"","ast-site-content-layout":"","site-content-style":"default","site-sidebar-style":"default","ast-global-header-display":"","ast-banner-title-visibility":"","ast-main-header-display":"","ast-hfb-above-header-display":"","ast-hfb-below-header-display":"","ast-hfb-mobile-header-display":"","site-post-title":"","ast-breadcrumbs-content":"","ast-featured-img":"","footer-sml-layout":"","theme-transparent-header-meta":"","adv-header-id-meta":"","stick-header-meta":"","header-above-stick-meta":"","header-main-stick-meta":"","header-below-stick-meta":"","astra-migrate-meta-layouts":"default","ast-page-background-enabled":"default","ast-page-background-meta":{"desktop":{"background-color":"","background-image":"","background-repeat":"repeat","background-position":"center center","background-size":"auto","background-attachment":"scroll","background-type":"","background-media":"","overlay-type":"","overlay-color":"","overlay-opacity":"","overlay-gradient":""},"tablet":{"background-color":"","background-image":"","background-repeat":"repeat","background-position":"center center","background-size":"auto","background-attachment":"scroll","background-type":"","background-media":"","overlay-type":"","overlay-color":"","overlay-opacity":"","overlay-gradient":""},"mobile":{"background-color":"","background-image":"","background-repeat":"repeat","background-position":"center center","background-size":"auto","background-attachment":"scroll","background-type":"","background-media":"","overlay-type":"","overlay-color":"","overlay-opacity":"","overlay-gradient":""}},"ast-content-background-meta":{"desktop":{"background-color":"var(--ast-global-color-5)","background-image":"","background-repeat":"repeat","background-position":"center center","background-size":"auto","background-attachment":"scroll","background-type":"","background-media":"","overlay-type":"","overlay-color":"","overlay-opacity":"","overlay-gradient":""},"tablet":{"background-color":"var(--ast-global-color-5)","background-image":"","background-repeat":"repeat","background-position":"center center","background-size":"auto","background-attachment":"scroll","background-type":"","background-media":"","overlay-type":"","overlay-color":"","overlay-opacity":"","overlay-gradient":""},"mobile":{"background-color":"var(--ast-global-color-5)","background-image":"","background-repeat":"repeat","background-position":"center center","background-size":"auto","background-attachment":"scroll","background-type":"","background-media":"","overlay-type":"","overlay-color":"","overlay-opacity":"","overlay-gradient":""}},"footnotes":""},"categories":[22],"tags":[114,106,105,110,109,111,112,113,107],"class_list":["post-2740","post","type-post","status-publish","format-standard","has-post-thumbnail","hentry","category-aktualnosci-de","tag-buches","tag-deutsche-minderheit","tag-forschung","tag-fzdm","tag-minderheit","tag-publikation","tag-publikationen","tag-tag-des-buches","tag-wissenschaft"],"_links":{"self":[{"href":"https:\/\/fzentrum.pl\/de\/wp-json\/wp\/v2\/posts\/2740","targetHints":{"allow":["GET"]}}],"collection":[{"href":"https:\/\/fzentrum.pl\/de\/wp-json\/wp\/v2\/posts"}],"about":[{"href":"https:\/\/fzentrum.pl\/de\/wp-json\/wp\/v2\/types\/post"}],"author":[{"embeddable":true,"href":"https:\/\/fzentrum.pl\/de\/wp-json\/wp\/v2\/users\/2"}],"replies":[{"embeddable":true,"href":"https:\/\/fzentrum.pl\/de\/wp-json\/wp\/v2\/comments?post=2740"}],"version-history":[{"count":1,"href":"https:\/\/fzentrum.pl\/de\/wp-json\/wp\/v2\/posts\/2740\/revisions"}],"predecessor-version":[{"id":2741,"href":"https:\/\/fzentrum.pl\/de\/wp-json\/wp\/v2\/posts\/2740\/revisions\/2741"}],"wp:featuredmedia":[{"embeddable":true,"href":"https:\/\/fzentrum.pl\/de\/wp-json\/wp\/v2\/media\/2360"}],"wp:attachment":[{"href":"https:\/\/fzentrum.pl\/de\/wp-json\/wp\/v2\/media?parent=2740"}],"wp:term":[{"taxonomy":"category","embeddable":true,"href":"https:\/\/fzentrum.pl\/de\/wp-json\/wp\/v2\/categories?post=2740"},{"taxonomy":"post_tag","embeddable":true,"href":"https:\/\/fzentrum.pl\/de\/wp-json\/wp\/v2\/tags?post=2740"}],"curies":[{"name":"wp","href":"https:\/\/api.w.org\/{rel}","templated":true}]}}