{"id":3498,"date":"2025-10-28T11:09:18","date_gmt":"2025-10-28T10:09:18","guid":{"rendered":"https:\/\/fzentrum.pl\/sendung-zum-buch-die-grenze\/"},"modified":"2025-10-28T11:09:18","modified_gmt":"2025-10-28T10:09:18","slug":"sendung-zum-buch-die-grenze","status":"publish","type":"post","link":"https:\/\/fzentrum.pl\/de\/sendung-zum-buch-die-grenze\/","title":{"rendered":"Sendung zum Buch \u201eDie Grenze\u2026\u201c"},"content":{"rendered":"\n<p>Unsere Publikation \u201eDie polnisch-deutsche Grenze in Pommern (1920\u20131939). Geschichte \u2013 Erinnerung \u2013 Spuren im Raum\u201c, herausgegeben von Professor Cezary Obracht-Prondzy\u0144ski, war Gegenstand zweier Sendungen auf TOK FM. \ud83d\udcfb<\/p>\n\n<p>Dr. Karolina Ciechorska-Kulesza von der Fakult\u00e4t f\u00fcr Sozialwissenschaften der Universit\u00e4t Danzig und Professor Cezary Obracht-Prondzy\u0144ski von der Universit\u00e4t Danzig diskutierten \u00fcber die polnisch-deutsche Grenze in Pommern.&#13;\n&#13;\n<\/p>\n\n<p>Die Monographie ist das Ergebnis einer Forschungsarbeit, die zwischen 2020 und 2022 von einem interdisziplin\u00e4ren Wissenschaftlerteam in Zusammenarbeit mit dem Kaschubischen Institut durchgef\u00fchrt wurde. Zum Team geh\u00f6rten Cezary Obracht-Prondzy\u0144ski, Karolina Ciechorska-Kulesza, Magdalena Sacha, Wojciech Sk\u00f3ra und Bartosz Macikowski. Es ist eine Art Reise entlang der ehemaligen polnisch-deutschen Grenze.&#13;\n&#13;\n<\/p>\n\n<p>\ud83d\udc4cWir empfehlen Ihnen, das kostenlose Transkript der Gespr\u00e4che mit Karolina Ciechorska-Kulesza und Cezary Obracht-Prondzy\u0144ski anzuh\u00f6ren oder herunterzuladen!<\/p>\n","protected":false},"excerpt":{"rendered":"<p>Unsere Publikation \u201eDie polnisch-deutsche Grenze in Pommern (1920\u20131939). Geschichte \u2013 Erinnerung \u2013 Spuren im Raum\u201c, herausgegeben von Professor Cezary Obracht-Prondzy\u0144ski, war Gegenstand zweier Sendungen auf TOK FM. \ud83d\udcfb Dr. Karolina Ciechorska-Kulesza von der Fakult\u00e4t f\u00fcr Sozialwissenschaften der Universit\u00e4t Danzig und Professor Cezary Obracht-Prondzy\u0144ski von der Universit\u00e4t Danzig diskutierten \u00fcber die polnisch-deutsche Grenze in Pommern.&#13; &#13; [&hellip;]<\/p>\n","protected":false},"author":2,"featured_media":3463,"comment_status":"closed","ping_status":"open","sticky":false,"template":"","format":"standard","meta":{"site-sidebar-layout":"default","site-content-layout":"","ast-site-content-layout":"default","site-content-style":"default","site-sidebar-style":"default","ast-global-header-display":"","ast-banner-title-visibility":"","ast-main-header-display":"","ast-hfb-above-header-display":"","ast-hfb-below-header-display":"","ast-hfb-mobile-header-display":"","site-post-title":"","ast-breadcrumbs-content":"","ast-featured-img":"","footer-sml-layout":"","theme-transparent-header-meta":"","adv-header-id-meta":"","stick-header-meta":"","header-above-stick-meta":"","header-main-stick-meta":"","header-below-stick-meta":"","astra-migrate-meta-layouts":"default","ast-page-background-enabled":"default","ast-page-background-meta":{"desktop":{"background-color":"","background-image":"","background-repeat":"repeat","background-position":"center center","background-size":"auto","background-attachment":"scroll","background-type":"","background-media":"","overlay-type":"","overlay-color":"","overlay-opacity":"","overlay-gradient":""},"tablet":{"background-color":"","background-image":"","background-repeat":"repeat","background-position":"center center","background-size":"auto","background-attachment":"scroll","background-type":"","background-media":"","overlay-type":"","overlay-color":"","overlay-opacity":"","overlay-gradient":""},"mobile":{"background-color":"","background-image":"","background-repeat":"repeat","background-position":"center center","background-size":"auto","background-attachment":"scroll","background-type":"","background-media":"","overlay-type":"","overlay-color":"","overlay-opacity":"","overlay-gradient":""}},"ast-content-background-meta":{"desktop":{"background-color":"var(--ast-global-color-5)","background-image":"","background-repeat":"repeat","background-position":"center center","background-size":"auto","background-attachment":"scroll","background-type":"","background-media":"","overlay-type":"","overlay-color":"","overlay-opacity":"","overlay-gradient":""},"tablet":{"background-color":"var(--ast-global-color-5)","background-image":"","background-repeat":"repeat","background-position":"center center","background-size":"auto","background-attachment":"scroll","background-type":"","background-media":"","overlay-type":"","overlay-color":"","overlay-opacity":"","overlay-gradient":""},"mobile":{"background-color":"var(--ast-global-color-5)","background-image":"","background-repeat":"repeat","background-position":"center center","background-size":"auto","background-attachment":"scroll","background-type":"","background-media":"","overlay-type":"","overlay-color":"","overlay-opacity":"","overlay-gradient":""}},"footnotes":""},"categories":[7],"tags":[],"class_list":["post-3498","post","type-post","status-publish","format-standard","has-post-thumbnail","hentry","category-unkategorisiert"],"_links":{"self":[{"href":"https:\/\/fzentrum.pl\/de\/wp-json\/wp\/v2\/posts\/3498","targetHints":{"allow":["GET"]}}],"collection":[{"href":"https:\/\/fzentrum.pl\/de\/wp-json\/wp\/v2\/posts"}],"about":[{"href":"https:\/\/fzentrum.pl\/de\/wp-json\/wp\/v2\/types\/post"}],"author":[{"embeddable":true,"href":"https:\/\/fzentrum.pl\/de\/wp-json\/wp\/v2\/users\/2"}],"replies":[{"embeddable":true,"href":"https:\/\/fzentrum.pl\/de\/wp-json\/wp\/v2\/comments?post=3498"}],"version-history":[{"count":1,"href":"https:\/\/fzentrum.pl\/de\/wp-json\/wp\/v2\/posts\/3498\/revisions"}],"predecessor-version":[{"id":3499,"href":"https:\/\/fzentrum.pl\/de\/wp-json\/wp\/v2\/posts\/3498\/revisions\/3499"}],"wp:featuredmedia":[{"embeddable":true,"href":"https:\/\/fzentrum.pl\/de\/wp-json\/wp\/v2\/media\/3463"}],"wp:attachment":[{"href":"https:\/\/fzentrum.pl\/de\/wp-json\/wp\/v2\/media?parent=3498"}],"wp:term":[{"taxonomy":"category","embeddable":true,"href":"https:\/\/fzentrum.pl\/de\/wp-json\/wp\/v2\/categories?post=3498"},{"taxonomy":"post_tag","embeddable":true,"href":"https:\/\/fzentrum.pl\/de\/wp-json\/wp\/v2\/tags?post=3498"}],"curies":[{"name":"wp","href":"https:\/\/api.w.org\/{rel}","templated":true}]}}